{"id":8360,"date":"2021-02-03T21:44:59","date_gmt":"2021-02-03T20:44:59","guid":{"rendered":"https:\/\/qant.com\/?p=8360"},"modified":"2023-09-27T14:23:35","modified_gmt":"2023-09-27T12:23:35","slug":"breaking-news-stuttgart-ulm-wird-zukunftscluster-fuer-quantensensorik-qsens","status":"publish","type":"post","link":"https:\/\/qant.com\/de\/news\/breaking-news-stuttgart-ulm-wird-zukunftscluster-fuer-quantensensorik-qsens\/","title":{"rendered":"Breaking News: Stuttgart-Ulm wird Zukunftscluster f\u00fcr Quantensensorik &#8211; QSens"},"content":{"rendered":"<p>In einem spannenden Wettbewerb mit mehr als 50 Teilnehmern konnten wir mit unserem Konzept \u201cQSens &#8211; Quantentechnologie und die Sensoren der Zukunft\u201d die Jury und das BMBF \u00fcberzeugen.<\/p>\n<p><a href=\"https:\/\/www.bmbf.de\/de\/karliczek-zukunftscluster-sind-die-innovationsregionen-von-morgen-13681.html\" target=\"_blank\" rel=\"noopener\">https:\/\/www.bmbf.de\/de\/karliczek-zukunftscluster-sind-die-innovationsregionen-von-morgen-13681.html<\/a><br \/>\n\u00dcbergl\u00fccklich \u00fcber diese Entscheidung werden wir uns sofort an die Umsetzung machen.<\/p>\n<p>Wir fokussieren uns dabei auf die Entwicklung von neuen Quantensensoren f\u00fcr die Bereiche IOT &amp; Lifestyle, Mobility, Healthcare &amp; Biomedical und Sustainability.<\/p>\n<p>Eines der entscheidenden Erfolgsfaktoren ist unsere starke Partnerlandschaft von aktuell 19 Firmen und 2 Universit\u00e4ten und drei Forschungsinstitute.<\/p>\n<p>Wir von Q.ANT freuen uns sehr, eine tragende S\u00e4ule dieses zukunftsweisenden Cluster zu sein. Let\u2019s drive Quantum Technologies to Industry!<\/p>\n","protected":false},"excerpt":{"rendered":"<p>In einem spannenden Wettbewerb mit mehr als 50 Teilnehmern konnten wir mit unserem Konzept \u201cQSens &#8211; Quantentechnologie und die Sensoren der Zukunft\u201d die Jury und das BMBF \u00fcberzeugen. https:\/\/www.bmbf.de\/de\/karliczek-zukunftscluster-sind-die-innovationsregionen-von-morgen-13681.html \u00dcbergl\u00fccklich \u00fcber diese Entscheidung werden wir uns sofort an die Umsetzung machen. Wir fokussieren uns dabei auf die Entwicklung von neuen Quantensensoren f\u00fcr die Bereiche IOT [&hellip;]<\/p>\n","protected":false},"author":1,"featured_media":7386,"comment_status":"closed","ping_status":"closed","sticky":false,"template":"","format":"standard","meta":{"_acf_changed":false,"footnotes":""},"categories":[93],"tags":[114],"class_list":["post-8360","post","type-post","status-publish","format-standard","has-post-thumbnail","hentry","category-news","tag-magnetometer-de"],"acf":[],"yoast_head":"<!-- This site is optimized with the Yoast SEO plugin v27.4 - https:\/\/yoast.com\/product\/yoast-seo-wordpress\/ -->\n<title>Breaking News: Stuttgart-Ulm wird Zukunftscluster f\u00fcr Quantensensorik - QSens - Q.ANT<\/title>\n<meta name=\"robots\" content=\"index, follow, max-snippet:-1, max-image-preview:large, max-video-preview:-1\" \/>\n<link rel=\"canonical\" href=\"https:\/\/qant.com\/de\/news\/breaking-news-stuttgart-ulm-wird-zukunftscluster-fuer-quantensensorik-qsens\/\" \/>\n<meta property=\"og:locale\" content=\"de_DE\" \/>\n<meta property=\"og:type\" content=\"article\" \/>\n<meta property=\"og:title\" content=\"Breaking News: Stuttgart-Ulm wird Zukunftscluster f\u00fcr Quantensensorik - QSens - Q.ANT\" \/>\n<meta property=\"og:description\" content=\"In einem spannenden Wettbewerb mit mehr als 50 Teilnehmern konnten wir mit unserem Konzept \u201cQSens &#8211; Quantentechnologie und die Sensoren der Zukunft\u201d die Jury und das BMBF \u00fcberzeugen. https:\/\/www.bmbf.de\/de\/karliczek-zukunftscluster-sind-die-innovationsregionen-von-morgen-13681.html \u00dcbergl\u00fccklich \u00fcber diese Entscheidung werden wir uns sofort an die Umsetzung machen. Wir fokussieren uns dabei auf die Entwicklung von neuen Quantensensoren f\u00fcr die Bereiche IOT [&hellip;]\" \/>\n<meta property=\"og:url\" content=\"https:\/\/qant.com\/de\/news\/breaking-news-stuttgart-ulm-wird-zukunftscluster-fuer-quantensensorik-qsens\/\" \/>\n<meta property=\"og:site_name\" content=\"Q.ANT\" \/>\n<meta property=\"article:published_time\" content=\"2021-02-03T20:44:59+00:00\" \/>\n<meta property=\"article:modified_time\" content=\"2023-09-27T12:23:35+00:00\" \/>\n<meta property=\"og:image\" content=\"https:\/\/qant.com\/wp-content\/uploads\/2021\/05\/Event-qsens.jpg\" \/>\n\t<meta property=\"og:image:width\" content=\"768\" \/>\n\t<meta property=\"og:image:height\" content=\"521\" \/>\n\t<meta property=\"og:image:type\" content=\"image\/jpeg\" \/>\n<meta name=\"author\" content=\"admin-gn\" \/>\n<meta name=\"twitter:card\" content=\"summary_large_image\" \/>\n<meta name=\"twitter:label1\" content=\"Verfasst von\" \/>\n\t<meta name=\"twitter:data1\" content=\"admin-gn\" \/>\n\t<meta name=\"twitter:label2\" content=\"Gesch\u00e4tzte Lesezeit\" \/>\n\t<meta name=\"twitter:data2\" content=\"1\u00a0Minute\" \/>\n<script type=\"application\/ld+json\" class=\"yoast-schema-graph\">{\"@context\":\"https:\\\/\\\/schema.org\",\"@graph\":[{\"@type\":\"Article\",\"@id\":\"https:\\\/\\\/qant.com\\\/de\\\/news\\\/breaking-news-stuttgart-ulm-wird-zukunftscluster-fuer-quantensensorik-qsens\\\/#article\",\"isPartOf\":{\"@id\":\"https:\\\/\\\/qant.com\\\/de\\\/news\\\/breaking-news-stuttgart-ulm-wird-zukunftscluster-fuer-quantensensorik-qsens\\\/\"},\"author\":{\"name\":\"admin-gn\",\"@id\":\"https:\\\/\\\/qant.com\\\/de\\\/#\\\/schema\\\/person\\\/cd4a6dc8c5bd8f15ddfd7853613fd536\"},\"headline\":\"Breaking News: Stuttgart-Ulm wird Zukunftscluster f\u00fcr Quantensensorik &#8211; QSens\",\"datePublished\":\"2021-02-03T20:44:59+00:00\",\"dateModified\":\"2023-09-27T12:23:35+00:00\",\"mainEntityOfPage\":{\"@id\":\"https:\\\/\\\/qant.com\\\/de\\\/news\\\/breaking-news-stuttgart-ulm-wird-zukunftscluster-fuer-quantensensorik-qsens\\\/\"},\"wordCount\":120,\"publisher\":{\"@id\":\"https:\\\/\\\/qant.com\\\/de\\\/#organization\"},\"image\":{\"@id\":\"https:\\\/\\\/qant.com\\\/de\\\/news\\\/breaking-news-stuttgart-ulm-wird-zukunftscluster-fuer-quantensensorik-qsens\\\/#primaryimage\"},\"thumbnailUrl\":\"https:\\\/\\\/qant.com\\\/wp-content\\\/uploads\\\/2021\\\/05\\\/Event-qsens.jpg\",\"keywords\":[\"Magnetometer\"],\"articleSection\":[\"News\"],\"inLanguage\":\"de\"},{\"@type\":\"WebPage\",\"@id\":\"https:\\\/\\\/qant.com\\\/de\\\/news\\\/breaking-news-stuttgart-ulm-wird-zukunftscluster-fuer-quantensensorik-qsens\\\/\",\"url\":\"https:\\\/\\\/qant.com\\\/de\\\/news\\\/breaking-news-stuttgart-ulm-wird-zukunftscluster-fuer-quantensensorik-qsens\\\/\",\"name\":\"Breaking News: Stuttgart-Ulm wird Zukunftscluster f\u00fcr Quantensensorik - QSens - Q.ANT\",\"isPartOf\":{\"@id\":\"https:\\\/\\\/qant.com\\\/de\\\/#website\"},\"primaryImageOfPage\":{\"@id\":\"https:\\\/\\\/qant.com\\\/de\\\/news\\\/breaking-news-stuttgart-ulm-wird-zukunftscluster-fuer-quantensensorik-qsens\\\/#primaryimage\"},\"image\":{\"@id\":\"https:\\\/\\\/qant.com\\\/de\\\/news\\\/breaking-news-stuttgart-ulm-wird-zukunftscluster-fuer-quantensensorik-qsens\\\/#primaryimage\"},\"thumbnailUrl\":\"https:\\\/\\\/qant.com\\\/wp-content\\\/uploads\\\/2021\\\/05\\\/Event-qsens.jpg\",\"datePublished\":\"2021-02-03T20:44:59+00:00\",\"dateModified\":\"2023-09-27T12:23:35+00:00\",\"breadcrumb\":{\"@id\":\"https:\\\/\\\/qant.com\\\/de\\\/news\\\/breaking-news-stuttgart-ulm-wird-zukunftscluster-fuer-quantensensorik-qsens\\\/#breadcrumb\"},\"inLanguage\":\"de\",\"potentialAction\":[{\"@type\":\"ReadAction\",\"target\":[\"https:\\\/\\\/qant.com\\\/de\\\/news\\\/breaking-news-stuttgart-ulm-wird-zukunftscluster-fuer-quantensensorik-qsens\\\/\"]}]},{\"@type\":\"ImageObject\",\"inLanguage\":\"de\",\"@id\":\"https:\\\/\\\/qant.com\\\/de\\\/news\\\/breaking-news-stuttgart-ulm-wird-zukunftscluster-fuer-quantensensorik-qsens\\\/#primaryimage\",\"url\":\"https:\\\/\\\/qant.com\\\/wp-content\\\/uploads\\\/2021\\\/05\\\/Event-qsens.jpg\",\"contentUrl\":\"https:\\\/\\\/qant.com\\\/wp-content\\\/uploads\\\/2021\\\/05\\\/Event-qsens.jpg\",\"width\":768,\"height\":521},{\"@type\":\"BreadcrumbList\",\"@id\":\"https:\\\/\\\/qant.com\\\/de\\\/news\\\/breaking-news-stuttgart-ulm-wird-zukunftscluster-fuer-quantensensorik-qsens\\\/#breadcrumb\",\"itemListElement\":[{\"@type\":\"ListItem\",\"position\":1,\"name\":\"Startseite\",\"item\":\"https:\\\/\\\/qant.com\\\/de\\\/homepage-2\\\/\"},{\"@type\":\"ListItem\",\"position\":2,\"name\":\"Breaking News: Stuttgart-Ulm wird Zukunftscluster f\u00fcr Quantensensorik &#8211; QSens\"}]},{\"@type\":\"WebSite\",\"@id\":\"https:\\\/\\\/qant.com\\\/de\\\/#website\",\"url\":\"https:\\\/\\\/qant.com\\\/de\\\/\",\"name\":\"Q.ANT\",\"description\":\"Pioneering Photonic Quantum Technologies\",\"publisher\":{\"@id\":\"https:\\\/\\\/qant.com\\\/de\\\/#organization\"},\"potentialAction\":[{\"@type\":\"SearchAction\",\"target\":{\"@type\":\"EntryPoint\",\"urlTemplate\":\"https:\\\/\\\/qant.com\\\/de\\\/?s={search_term_string}\"},\"query-input\":{\"@type\":\"PropertyValueSpecification\",\"valueRequired\":true,\"valueName\":\"search_term_string\"}}],\"inLanguage\":\"de\"},{\"@type\":\"Organization\",\"@id\":\"https:\\\/\\\/qant.com\\\/de\\\/#organization\",\"name\":\"Q.ANT GmbH\",\"alternateName\":\"Q.ANT\",\"url\":\"https:\\\/\\\/qant.com\\\/de\\\/\",\"logo\":{\"@type\":\"ImageObject\",\"inLanguage\":\"de\",\"@id\":\"https:\\\/\\\/qant.com\\\/de\\\/#\\\/schema\\\/logo\\\/image\\\/\",\"url\":\"https:\\\/\\\/qant.com\\\/wp-content\\\/uploads\\\/2023\\\/03\\\/qant-logo.svg\",\"contentUrl\":\"https:\\\/\\\/qant.com\\\/wp-content\\\/uploads\\\/2023\\\/03\\\/qant-logo.svg\",\"width\":369,\"height\":112,\"caption\":\"Q.ANT GmbH\"},\"image\":{\"@id\":\"https:\\\/\\\/qant.com\\\/de\\\/#\\\/schema\\\/logo\\\/image\\\/\"},\"sameAs\":[\"https:\\\/\\\/www.linkedin.com\\\/company\\\/qant\\\/\"]},{\"@type\":\"Person\",\"@id\":\"https:\\\/\\\/qant.com\\\/de\\\/#\\\/schema\\\/person\\\/cd4a6dc8c5bd8f15ddfd7853613fd536\",\"name\":\"admin-gn\",\"image\":{\"@type\":\"ImageObject\",\"inLanguage\":\"de\",\"@id\":\"https:\\\/\\\/secure.gravatar.com\\\/avatar\\\/c76ec4e8f6a5b2b95a7e3dee9e91d6212ddf55befdd886ba22a277c4390a1b5f?s=96&d=mm&r=g\",\"url\":\"https:\\\/\\\/secure.gravatar.com\\\/avatar\\\/c76ec4e8f6a5b2b95a7e3dee9e91d6212ddf55befdd886ba22a277c4390a1b5f?s=96&d=mm&r=g\",\"contentUrl\":\"https:\\\/\\\/secure.gravatar.com\\\/avatar\\\/c76ec4e8f6a5b2b95a7e3dee9e91d6212ddf55befdd886ba22a277c4390a1b5f?s=96&d=mm&r=g\",\"caption\":\"admin-gn\"},\"url\":\"https:\\\/\\\/qant.com\\\/de\\\/author\\\/admin-gn\\\/\"}]}<\/script>\n<!-- \/ Yoast SEO plugin. -->","yoast_head_json":{"title":"Breaking News: Stuttgart-Ulm wird Zukunftscluster f\u00fcr Quantensensorik - QSens - Q.ANT","robots":{"index":"index","follow":"follow","max-snippet":"max-snippet:-1","max-image-preview":"max-image-preview:large","max-video-preview":"max-video-preview:-1"},"canonical":"https:\/\/qant.com\/de\/news\/breaking-news-stuttgart-ulm-wird-zukunftscluster-fuer-quantensensorik-qsens\/","og_locale":"de_DE","og_type":"article","og_title":"Breaking News: Stuttgart-Ulm wird Zukunftscluster f\u00fcr Quantensensorik - QSens - Q.ANT","og_description":"In einem spannenden Wettbewerb mit mehr als 50 Teilnehmern konnten wir mit unserem Konzept \u201cQSens &#8211; Quantentechnologie und die Sensoren der Zukunft\u201d die Jury und das BMBF \u00fcberzeugen. https:\/\/www.bmbf.de\/de\/karliczek-zukunftscluster-sind-die-innovationsregionen-von-morgen-13681.html \u00dcbergl\u00fccklich \u00fcber diese Entscheidung werden wir uns sofort an die Umsetzung machen. Wir fokussieren uns dabei auf die Entwicklung von neuen Quantensensoren f\u00fcr die Bereiche IOT [&hellip;]","og_url":"https:\/\/qant.com\/de\/news\/breaking-news-stuttgart-ulm-wird-zukunftscluster-fuer-quantensensorik-qsens\/","og_site_name":"Q.ANT","article_published_time":"2021-02-03T20:44:59+00:00","article_modified_time":"2023-09-27T12:23:35+00:00","og_image":[{"width":768,"height":521,"url":"https:\/\/qant.com\/wp-content\/uploads\/2021\/05\/Event-qsens.jpg","type":"image\/jpeg"}],"author":"admin-gn","twitter_card":"summary_large_image","twitter_misc":{"Verfasst von":"admin-gn","Gesch\u00e4tzte Lesezeit":"1\u00a0Minute"},"schema":{"@context":"https:\/\/schema.org","@graph":[{"@type":"Article","@id":"https:\/\/qant.com\/de\/news\/breaking-news-stuttgart-ulm-wird-zukunftscluster-fuer-quantensensorik-qsens\/#article","isPartOf":{"@id":"https:\/\/qant.com\/de\/news\/breaking-news-stuttgart-ulm-wird-zukunftscluster-fuer-quantensensorik-qsens\/"},"author":{"name":"admin-gn","@id":"https:\/\/qant.com\/de\/#\/schema\/person\/cd4a6dc8c5bd8f15ddfd7853613fd536"},"headline":"Breaking News: Stuttgart-Ulm wird Zukunftscluster f\u00fcr Quantensensorik &#8211; QSens","datePublished":"2021-02-03T20:44:59+00:00","dateModified":"2023-09-27T12:23:35+00:00","mainEntityOfPage":{"@id":"https:\/\/qant.com\/de\/news\/breaking-news-stuttgart-ulm-wird-zukunftscluster-fuer-quantensensorik-qsens\/"},"wordCount":120,"publisher":{"@id":"https:\/\/qant.com\/de\/#organization"},"image":{"@id":"https:\/\/qant.com\/de\/news\/breaking-news-stuttgart-ulm-wird-zukunftscluster-fuer-quantensensorik-qsens\/#primaryimage"},"thumbnailUrl":"https:\/\/qant.com\/wp-content\/uploads\/2021\/05\/Event-qsens.jpg","keywords":["Magnetometer"],"articleSection":["News"],"inLanguage":"de"},{"@type":"WebPage","@id":"https:\/\/qant.com\/de\/news\/breaking-news-stuttgart-ulm-wird-zukunftscluster-fuer-quantensensorik-qsens\/","url":"https:\/\/qant.com\/de\/news\/breaking-news-stuttgart-ulm-wird-zukunftscluster-fuer-quantensensorik-qsens\/","name":"Breaking News: Stuttgart-Ulm wird Zukunftscluster f\u00fcr Quantensensorik - QSens - Q.ANT","isPartOf":{"@id":"https:\/\/qant.com\/de\/#website"},"primaryImageOfPage":{"@id":"https:\/\/qant.com\/de\/news\/breaking-news-stuttgart-ulm-wird-zukunftscluster-fuer-quantensensorik-qsens\/#primaryimage"},"image":{"@id":"https:\/\/qant.com\/de\/news\/breaking-news-stuttgart-ulm-wird-zukunftscluster-fuer-quantensensorik-qsens\/#primaryimage"},"thumbnailUrl":"https:\/\/qant.com\/wp-content\/uploads\/2021\/05\/Event-qsens.jpg","datePublished":"2021-02-03T20:44:59+00:00","dateModified":"2023-09-27T12:23:35+00:00","breadcrumb":{"@id":"https:\/\/qant.com\/de\/news\/breaking-news-stuttgart-ulm-wird-zukunftscluster-fuer-quantensensorik-qsens\/#breadcrumb"},"inLanguage":"de","potentialAction":[{"@type":"ReadAction","target":["https:\/\/qant.com\/de\/news\/breaking-news-stuttgart-ulm-wird-zukunftscluster-fuer-quantensensorik-qsens\/"]}]},{"@type":"ImageObject","inLanguage":"de","@id":"https:\/\/qant.com\/de\/news\/breaking-news-stuttgart-ulm-wird-zukunftscluster-fuer-quantensensorik-qsens\/#primaryimage","url":"https:\/\/qant.com\/wp-content\/uploads\/2021\/05\/Event-qsens.jpg","contentUrl":"https:\/\/qant.com\/wp-content\/uploads\/2021\/05\/Event-qsens.jpg","width":768,"height":521},{"@type":"BreadcrumbList","@id":"https:\/\/qant.com\/de\/news\/breaking-news-stuttgart-ulm-wird-zukunftscluster-fuer-quantensensorik-qsens\/#breadcrumb","itemListElement":[{"@type":"ListItem","position":1,"name":"Startseite","item":"https:\/\/qant.com\/de\/homepage-2\/"},{"@type":"ListItem","position":2,"name":"Breaking News: Stuttgart-Ulm wird Zukunftscluster f\u00fcr Quantensensorik &#8211; QSens"}]},{"@type":"WebSite","@id":"https:\/\/qant.com\/de\/#website","url":"https:\/\/qant.com\/de\/","name":"Q.ANT","description":"Pioneering Photonic Quantum Technologies","publisher":{"@id":"https:\/\/qant.com\/de\/#organization"},"potentialAction":[{"@type":"SearchAction","target":{"@type":"EntryPoint","urlTemplate":"https:\/\/qant.com\/de\/?s={search_term_string}"},"query-input":{"@type":"PropertyValueSpecification","valueRequired":true,"valueName":"search_term_string"}}],"inLanguage":"de"},{"@type":"Organization","@id":"https:\/\/qant.com\/de\/#organization","name":"Q.ANT GmbH","alternateName":"Q.ANT","url":"https:\/\/qant.com\/de\/","logo":{"@type":"ImageObject","inLanguage":"de","@id":"https:\/\/qant.com\/de\/#\/schema\/logo\/image\/","url":"https:\/\/qant.com\/wp-content\/uploads\/2023\/03\/qant-logo.svg","contentUrl":"https:\/\/qant.com\/wp-content\/uploads\/2023\/03\/qant-logo.svg","width":369,"height":112,"caption":"Q.ANT GmbH"},"image":{"@id":"https:\/\/qant.com\/de\/#\/schema\/logo\/image\/"},"sameAs":["https:\/\/www.linkedin.com\/company\/qant\/"]},{"@type":"Person","@id":"https:\/\/qant.com\/de\/#\/schema\/person\/cd4a6dc8c5bd8f15ddfd7853613fd536","name":"admin-gn","image":{"@type":"ImageObject","inLanguage":"de","@id":"https:\/\/secure.gravatar.com\/avatar\/c76ec4e8f6a5b2b95a7e3dee9e91d6212ddf55befdd886ba22a277c4390a1b5f?s=96&d=mm&r=g","url":"https:\/\/secure.gravatar.com\/avatar\/c76ec4e8f6a5b2b95a7e3dee9e91d6212ddf55befdd886ba22a277c4390a1b5f?s=96&d=mm&r=g","contentUrl":"https:\/\/secure.gravatar.com\/avatar\/c76ec4e8f6a5b2b95a7e3dee9e91d6212ddf55befdd886ba22a277c4390a1b5f?s=96&d=mm&r=g","caption":"admin-gn"},"url":"https:\/\/qant.com\/de\/author\/admin-gn\/"}]}},"_links":{"self":[{"href":"https:\/\/qant.com\/de\/wp-json\/wp\/v2\/posts\/8360","targetHints":{"allow":["GET"]}}],"collection":[{"href":"https:\/\/qant.com\/de\/wp-json\/wp\/v2\/posts"}],"about":[{"href":"https:\/\/qant.com\/de\/wp-json\/wp\/v2\/types\/post"}],"author":[{"embeddable":true,"href":"https:\/\/qant.com\/de\/wp-json\/wp\/v2\/users\/1"}],"replies":[{"embeddable":true,"href":"https:\/\/qant.com\/de\/wp-json\/wp\/v2\/comments?post=8360"}],"version-history":[{"count":1,"href":"https:\/\/qant.com\/de\/wp-json\/wp\/v2\/posts\/8360\/revisions"}],"predecessor-version":[{"id":8361,"href":"https:\/\/qant.com\/de\/wp-json\/wp\/v2\/posts\/8360\/revisions\/8361"}],"wp:featuredmedia":[{"embeddable":true,"href":"https:\/\/qant.com\/de\/wp-json\/wp\/v2\/media\/7386"}],"wp:attachment":[{"href":"https:\/\/qant.com\/de\/wp-json\/wp\/v2\/media?parent=8360"}],"wp:term":[{"taxonomy":"category","embeddable":true,"href":"https:\/\/qant.com\/de\/wp-json\/wp\/v2\/categories?post=8360"},{"taxonomy":"post_tag","embeddable":true,"href":"https:\/\/qant.com\/de\/wp-json\/wp\/v2\/tags?post=8360"}],"curies":[{"name":"wp","href":"https:\/\/api.w.org\/{rel}","templated":true}]}}